{"id":5340,"date":"2020-09-15T15:01:51","date_gmt":"2020-09-15T13:01:51","guid":{"rendered":"https:\/\/black-forest-speed-club.de\/?p=5340"},"modified":"2021-04-09T10:56:17","modified_gmt":"2021-04-09T08:56:17","slug":"rundenzeiten-hockenheimring-3-9-20-fotolink","status":"publish","type":"post","link":"https:\/\/black-forest-speed-club.de\/hp2020\/rundenzeiten-hockenheimring-3-9-20-fotolink\/","title":{"rendered":"Rundenzeiten Hockenheimring 3.9.20 &#038; Fotolink"},"content":{"rendered":"<p>Sorry for delay und ganz herzlichen Dank f\u00fcr die vielen Teilnahmen an unserem Premieren-Training auf dem Hockenheimring am 3.9.2020.<\/p>\n<p>Teilnehmer des Renntrainings, Ihr findet Eure Rundenzeiten<strong> <a href=\"https:\/\/speedhive.mylaps.com\/Events\/1801005\">hier.<\/a><\/strong><\/p>\n<p>Perfekte Bilder vom Event hat Marko Unger von Racepixx.de geschossen. Hier geht&#8217;s lang zum<strong> <a href=\"https:\/\/racepixx.de\/de\/race_shop\/productclass\/487\">Shop.<\/a><\/strong><\/p>\n<p>Und weil wir viel Spa\u00df hatten an Euch und der guten Stimmung w\u00e4hrend der Veranstaltung, arbeiten wir nat\u00fcrlich an einer Wiederholung in 2021 auf dem Hockenheimring. Stay tuned!<\/p>\n<p>&nbsp;<\/p>\n<p>.<\/p>\n<p>&nbsp;<\/p>\n<p>&nbsp;<\/p>\n","protected":false},"excerpt":{"rendered":"<p>Sorry for delay und ganz herzlichen Dank f\u00fcr die vielen  [&#8230;]<\/p>\n","protected":false},"author":2,"featured_media":2463,"comment_status":"closed","ping_status":"closed","sticky":false,"template":"","format":"standard","meta":{"footnotes":""},"categories":[1],"tags":[],"class_list":["post-5340","post","type-post","status-publish","format-standard","has-post-thumbnail","hentry","category-uncategorized"],"yoast_head":"<!-- This site is optimized with the Yoast SEO Premium plugin v25.7.1 (Yoast SEO v27.5) - https:\/\/yoast.com\/product\/yoast-seo-premium-wordpress\/ -->\n<title>Rundenzeiten Hockenheimring 3.9.20 &amp; Fotolink - Black Forest Speed Club<\/title>\n<meta name=\"description\" content=\"Alle Rundenzeiten vom Premieren-Training auf dem Hockenheimring am 3.9.2020 - BIKE &amp; CAR EVENTS by Matthias Schr\u00f6ter GmbH -\" \/>\n<meta name=\"robots\" content=\"index, follow, max-snippet:-1, max-image-preview:large, max-video-preview:-1\" \/>\n<link rel=\"canonical\" href=\"https:\/\/black-forest-speed-club.de\/hp2020\/rundenzeiten-hockenheimring-3-9-20-fotolink\/\" \/>\n<meta property=\"og:locale\" content=\"de_DE\" \/>\n<meta property=\"og:type\" content=\"article\" \/>\n<meta property=\"og:title\" content=\"Rundenzeiten Hockenheimring 3.9.20 &amp; Fotolink\" \/>\n<meta property=\"og:description\" content=\"Sorry for delay und ganz herzlichen Dank f\u00fcr die vielen Teilnahmen an unserem Premieren-Training auf dem Hockenheimring am 3.9.2020. Teilnehmer des\" \/>\n<meta property=\"og:url\" content=\"https:\/\/black-forest-speed-club.de\/hp2020\/rundenzeiten-hockenheimring-3-9-20-fotolink\/\" \/>\n<meta property=\"og:site_name\" content=\"Black Forest Speed Club\" \/>\n<meta property=\"article:publisher\" content=\"https:\/\/www.facebook.com\/Blackforestspeedclub\" \/>\n<meta property=\"article:published_time\" content=\"2020-09-15T13:01:51+00:00\" \/>\n<meta property=\"article:modified_time\" content=\"2021-04-09T08:56:17+00:00\" \/>\n<meta property=\"og:image\" content=\"https:\/\/black-forest-speed-club.de\/hp2020\/wp-content\/uploads\/2020\/04\/0062-170528WW-001_62-scaled.jpg\" \/>\n\t<meta property=\"og:image:width\" content=\"2560\" \/>\n\t<meta property=\"og:image:height\" content=\"1707\" \/>\n\t<meta property=\"og:image:type\" content=\"image\/jpeg\" \/>\n<meta name=\"author\" content=\"matthias\" \/>\n<meta name=\"twitter:card\" content=\"summary_large_image\" \/>\n<meta name=\"twitter:label1\" content=\"Geschrieben von\" \/>\n\t<meta name=\"twitter:data1\" content=\"matthias\" \/>\n<script type=\"application\/ld+json\" class=\"yoast-schema-graph\">{\"@context\":\"https:\\\/\\\/schema.org\",\"@graph\":[{\"@type\":\"Article\",\"@id\":\"https:\\\/\\\/black-forest-speed-club.de\\\/hp2020\\\/rundenzeiten-hockenheimring-3-9-20-fotolink\\\/#article\",\"isPartOf\":{\"@id\":\"https:\\\/\\\/black-forest-speed-club.de\\\/hp2020\\\/rundenzeiten-hockenheimring-3-9-20-fotolink\\\/\"},\"author\":{\"name\":\"matthias\",\"@id\":\"\\\/#\\\/schema\\\/person\\\/83b38a11e3792c05e54f41ce16c5fd89\"},\"headline\":\"Rundenzeiten Hockenheimring 3.9.20 &#038; Fotolink\",\"datePublished\":\"2020-09-15T13:01:51+00:00\",\"dateModified\":\"2021-04-09T08:56:17+00:00\",\"mainEntityOfPage\":{\"@id\":\"https:\\\/\\\/black-forest-speed-club.de\\\/hp2020\\\/rundenzeiten-hockenheimring-3-9-20-fotolink\\\/\"},\"wordCount\":79,\"publisher\":{\"@id\":\"\\\/#organization\"},\"image\":{\"@id\":\"https:\\\/\\\/black-forest-speed-club.de\\\/hp2020\\\/rundenzeiten-hockenheimring-3-9-20-fotolink\\\/#primaryimage\"},\"thumbnailUrl\":\"https:\\\/\\\/black-forest-speed-club.de\\\/hp2020\\\/wp-content\\\/uploads\\\/2020\\\/04\\\/0062-170528WW-001_62-scaled.jpg\",\"articleSection\":[\"Uncategorized\"],\"inLanguage\":\"de\"},{\"@type\":\"WebPage\",\"@id\":\"https:\\\/\\\/black-forest-speed-club.de\\\/hp2020\\\/rundenzeiten-hockenheimring-3-9-20-fotolink\\\/\",\"url\":\"https:\\\/\\\/black-forest-speed-club.de\\\/hp2020\\\/rundenzeiten-hockenheimring-3-9-20-fotolink\\\/\",\"name\":\"Rundenzeiten Hockenheimring 3.9.20 & Fotolink - Black Forest Speed Club\",\"isPartOf\":{\"@id\":\"\\\/#website\"},\"primaryImageOfPage\":{\"@id\":\"https:\\\/\\\/black-forest-speed-club.de\\\/hp2020\\\/rundenzeiten-hockenheimring-3-9-20-fotolink\\\/#primaryimage\"},\"image\":{\"@id\":\"https:\\\/\\\/black-forest-speed-club.de\\\/hp2020\\\/rundenzeiten-hockenheimring-3-9-20-fotolink\\\/#primaryimage\"},\"thumbnailUrl\":\"https:\\\/\\\/black-forest-speed-club.de\\\/hp2020\\\/wp-content\\\/uploads\\\/2020\\\/04\\\/0062-170528WW-001_62-scaled.jpg\",\"datePublished\":\"2020-09-15T13:01:51+00:00\",\"dateModified\":\"2021-04-09T08:56:17+00:00\",\"description\":\"Alle Rundenzeiten vom Premieren-Training auf dem Hockenheimring am 3.9.2020 - BIKE & CAR EVENTS by Matthias Schr\u00f6ter GmbH -\",\"breadcrumb\":{\"@id\":\"https:\\\/\\\/black-forest-speed-club.de\\\/hp2020\\\/rundenzeiten-hockenheimring-3-9-20-fotolink\\\/#breadcrumb\"},\"inLanguage\":\"de\",\"potentialAction\":[{\"@type\":\"ReadAction\",\"target\":[\"https:\\\/\\\/black-forest-speed-club.de\\\/hp2020\\\/rundenzeiten-hockenheimring-3-9-20-fotolink\\\/\"]}]},{\"@type\":\"ImageObject\",\"inLanguage\":\"de\",\"@id\":\"https:\\\/\\\/black-forest-speed-club.de\\\/hp2020\\\/rundenzeiten-hockenheimring-3-9-20-fotolink\\\/#primaryimage\",\"url\":\"https:\\\/\\\/black-forest-speed-club.de\\\/hp2020\\\/wp-content\\\/uploads\\\/2020\\\/04\\\/0062-170528WW-001_62-scaled.jpg\",\"contentUrl\":\"https:\\\/\\\/black-forest-speed-club.de\\\/hp2020\\\/wp-content\\\/uploads\\\/2020\\\/04\\\/0062-170528WW-001_62-scaled.jpg\",\"width\":2560,\"height\":1707},{\"@type\":\"BreadcrumbList\",\"@id\":\"https:\\\/\\\/black-forest-speed-club.de\\\/hp2020\\\/rundenzeiten-hockenheimring-3-9-20-fotolink\\\/#breadcrumb\",\"itemListElement\":[{\"@type\":\"ListItem\",\"position\":1,\"name\":\"Startseite\",\"item\":\"https:\\\/\\\/black-forest-speed-club.de\\\/hp2020\\\/\"},{\"@type\":\"ListItem\",\"position\":2,\"name\":\"Rundenzeiten Hockenheimring 3.9.20 &#038; Fotolink\"}]},{\"@type\":\"WebSite\",\"@id\":\"\\\/#website\",\"url\":\"\\\/\",\"name\":\"Black Forest Speed Club\",\"description\":\"Motorrad-Events von Matthias Schr\u00f6ter\",\"publisher\":{\"@id\":\"\\\/#organization\"},\"alternateName\":\"BFSC\",\"potentialAction\":[{\"@type\":\"SearchAction\",\"target\":{\"@type\":\"EntryPoint\",\"urlTemplate\":\"\\\/?s={search_term_string}\"},\"query-input\":{\"@type\":\"PropertyValueSpecification\",\"valueRequired\":true,\"valueName\":\"search_term_string\"}}],\"inLanguage\":\"de\"},{\"@type\":\"Organization\",\"@id\":\"\\\/#organization\",\"name\":\"Matthias Schr\u00f6ter GmbH\",\"alternateName\":\"Matthias Schr\u00f6ter GmbH\",\"url\":\"\\\/\",\"logo\":{\"@type\":\"ImageObject\",\"inLanguage\":\"de\",\"@id\":\"\\\/#\\\/schema\\\/logo\\\/image\\\/\",\"url\":\"https:\\\/\\\/black-forest-speed-club.de\\\/hp2020\\\/wp-content\\\/uploads\\\/2020\\\/02\\\/WhatsApp-Image-2019-07-01-at-18.37.24.jpeg\",\"contentUrl\":\"https:\\\/\\\/black-forest-speed-club.de\\\/hp2020\\\/wp-content\\\/uploads\\\/2020\\\/02\\\/WhatsApp-Image-2019-07-01-at-18.37.24.jpeg\",\"width\":1368,\"height\":912,\"caption\":\"Matthias Schr\u00f6ter GmbH\"},\"image\":{\"@id\":\"\\\/#\\\/schema\\\/logo\\\/image\\\/\"},\"sameAs\":[\"https:\\\/\\\/www.facebook.com\\\/Blackforestspeedclub\",\"https:\\\/\\\/www.facebook.com\\\/bridgestoneridingschool\",\"https:\\\/\\\/www.facebook.com\\\/Triumph.Street.Triple.Cup\"],\"email\":\"matthias@black-forest-speed-club.de\",\"telephone\":\"017676986672\",\"legalName\":\"Matthias Schr\u00f6ter GmbH\",\"foundingDate\":\"2019-03-29\",\"vatID\":\"DE815821352\",\"taxID\":\"42418712007\",\"numberOfEmployees\":{\"@type\":\"QuantitativeValue\",\"minValue\":\"1\",\"maxValue\":\"10\"}},{\"@type\":\"Person\",\"@id\":\"\\\/#\\\/schema\\\/person\\\/83b38a11e3792c05e54f41ce16c5fd89\",\"name\":\"matthias\",\"url\":\"https:\\\/\\\/black-forest-speed-club.de\\\/hp2020\\\/author\\\/matthias\\\/\"}]}<\/script>\n<!-- \/ Yoast SEO Premium plugin. -->","yoast_head_json":{"title":"Rundenzeiten Hockenheimring 3.9.20 & Fotolink - Black Forest Speed Club","description":"Alle Rundenzeiten vom Premieren-Training auf dem Hockenheimring am 3.9.2020 - BIKE & CAR EVENTS by Matthias Schr\u00f6ter GmbH -","robots":{"index":"index","follow":"follow","max-snippet":"max-snippet:-1","max-image-preview":"max-image-preview:large","max-video-preview":"max-video-preview:-1"},"canonical":"https:\/\/black-forest-speed-club.de\/hp2020\/rundenzeiten-hockenheimring-3-9-20-fotolink\/","og_locale":"de_DE","og_type":"article","og_title":"Rundenzeiten Hockenheimring 3.9.20 & Fotolink","og_description":"Sorry for delay und ganz herzlichen Dank f\u00fcr die vielen Teilnahmen an unserem Premieren-Training auf dem Hockenheimring am 3.9.2020. Teilnehmer des","og_url":"https:\/\/black-forest-speed-club.de\/hp2020\/rundenzeiten-hockenheimring-3-9-20-fotolink\/","og_site_name":"Black Forest Speed Club","article_publisher":"https:\/\/www.facebook.com\/Blackforestspeedclub","article_published_time":"2020-09-15T13:01:51+00:00","article_modified_time":"2021-04-09T08:56:17+00:00","og_image":[{"width":2560,"height":1707,"url":"https:\/\/black-forest-speed-club.de\/hp2020\/wp-content\/uploads\/2020\/04\/0062-170528WW-001_62-scaled.jpg","type":"image\/jpeg"}],"author":"matthias","twitter_card":"summary_large_image","twitter_misc":{"Geschrieben von":"matthias"},"schema":{"@context":"https:\/\/schema.org","@graph":[{"@type":"Article","@id":"https:\/\/black-forest-speed-club.de\/hp2020\/rundenzeiten-hockenheimring-3-9-20-fotolink\/#article","isPartOf":{"@id":"https:\/\/black-forest-speed-club.de\/hp2020\/rundenzeiten-hockenheimring-3-9-20-fotolink\/"},"author":{"name":"matthias","@id":"\/#\/schema\/person\/83b38a11e3792c05e54f41ce16c5fd89"},"headline":"Rundenzeiten Hockenheimring 3.9.20 &#038; Fotolink","datePublished":"2020-09-15T13:01:51+00:00","dateModified":"2021-04-09T08:56:17+00:00","mainEntityOfPage":{"@id":"https:\/\/black-forest-speed-club.de\/hp2020\/rundenzeiten-hockenheimring-3-9-20-fotolink\/"},"wordCount":79,"publisher":{"@id":"\/#organization"},"image":{"@id":"https:\/\/black-forest-speed-club.de\/hp2020\/rundenzeiten-hockenheimring-3-9-20-fotolink\/#primaryimage"},"thumbnailUrl":"https:\/\/black-forest-speed-club.de\/hp2020\/wp-content\/uploads\/2020\/04\/0062-170528WW-001_62-scaled.jpg","articleSection":["Uncategorized"],"inLanguage":"de"},{"@type":"WebPage","@id":"https:\/\/black-forest-speed-club.de\/hp2020\/rundenzeiten-hockenheimring-3-9-20-fotolink\/","url":"https:\/\/black-forest-speed-club.de\/hp2020\/rundenzeiten-hockenheimring-3-9-20-fotolink\/","name":"Rundenzeiten Hockenheimring 3.9.20 & Fotolink - Black Forest Speed Club","isPartOf":{"@id":"\/#website"},"primaryImageOfPage":{"@id":"https:\/\/black-forest-speed-club.de\/hp2020\/rundenzeiten-hockenheimring-3-9-20-fotolink\/#primaryimage"},"image":{"@id":"https:\/\/black-forest-speed-club.de\/hp2020\/rundenzeiten-hockenheimring-3-9-20-fotolink\/#primaryimage"},"thumbnailUrl":"https:\/\/black-forest-speed-club.de\/hp2020\/wp-content\/uploads\/2020\/04\/0062-170528WW-001_62-scaled.jpg","datePublished":"2020-09-15T13:01:51+00:00","dateModified":"2021-04-09T08:56:17+00:00","description":"Alle Rundenzeiten vom Premieren-Training auf dem Hockenheimring am 3.9.2020 - BIKE & CAR EVENTS by Matthias Schr\u00f6ter GmbH -","breadcrumb":{"@id":"https:\/\/black-forest-speed-club.de\/hp2020\/rundenzeiten-hockenheimring-3-9-20-fotolink\/#breadcrumb"},"inLanguage":"de","potentialAction":[{"@type":"ReadAction","target":["https:\/\/black-forest-speed-club.de\/hp2020\/rundenzeiten-hockenheimring-3-9-20-fotolink\/"]}]},{"@type":"ImageObject","inLanguage":"de","@id":"https:\/\/black-forest-speed-club.de\/hp2020\/rundenzeiten-hockenheimring-3-9-20-fotolink\/#primaryimage","url":"https:\/\/black-forest-speed-club.de\/hp2020\/wp-content\/uploads\/2020\/04\/0062-170528WW-001_62-scaled.jpg","contentUrl":"https:\/\/black-forest-speed-club.de\/hp2020\/wp-content\/uploads\/2020\/04\/0062-170528WW-001_62-scaled.jpg","width":2560,"height":1707},{"@type":"BreadcrumbList","@id":"https:\/\/black-forest-speed-club.de\/hp2020\/rundenzeiten-hockenheimring-3-9-20-fotolink\/#breadcrumb","itemListElement":[{"@type":"ListItem","position":1,"name":"Startseite","item":"https:\/\/black-forest-speed-club.de\/hp2020\/"},{"@type":"ListItem","position":2,"name":"Rundenzeiten Hockenheimring 3.9.20 &#038; Fotolink"}]},{"@type":"WebSite","@id":"\/#website","url":"\/","name":"Black Forest Speed Club","description":"Motorrad-Events von Matthias Schr\u00f6ter","publisher":{"@id":"\/#organization"},"alternateName":"BFSC","potentialAction":[{"@type":"SearchAction","target":{"@type":"EntryPoint","urlTemplate":"\/?s={search_term_string}"},"query-input":{"@type":"PropertyValueSpecification","valueRequired":true,"valueName":"search_term_string"}}],"inLanguage":"de"},{"@type":"Organization","@id":"\/#organization","name":"Matthias Schr\u00f6ter GmbH","alternateName":"Matthias Schr\u00f6ter GmbH","url":"\/","logo":{"@type":"ImageObject","inLanguage":"de","@id":"\/#\/schema\/logo\/image\/","url":"https:\/\/black-forest-speed-club.de\/hp2020\/wp-content\/uploads\/2020\/02\/WhatsApp-Image-2019-07-01-at-18.37.24.jpeg","contentUrl":"https:\/\/black-forest-speed-club.de\/hp2020\/wp-content\/uploads\/2020\/02\/WhatsApp-Image-2019-07-01-at-18.37.24.jpeg","width":1368,"height":912,"caption":"Matthias Schr\u00f6ter GmbH"},"image":{"@id":"\/#\/schema\/logo\/image\/"},"sameAs":["https:\/\/www.facebook.com\/Blackforestspeedclub","https:\/\/www.facebook.com\/bridgestoneridingschool","https:\/\/www.facebook.com\/Triumph.Street.Triple.Cup"],"email":"matthias@black-forest-speed-club.de","telephone":"017676986672","legalName":"Matthias Schr\u00f6ter GmbH","foundingDate":"2019-03-29","vatID":"DE815821352","taxID":"42418712007","numberOfEmployees":{"@type":"QuantitativeValue","minValue":"1","maxValue":"10"}},{"@type":"Person","@id":"\/#\/schema\/person\/83b38a11e3792c05e54f41ce16c5fd89","name":"matthias","url":"https:\/\/black-forest-speed-club.de\/hp2020\/author\/matthias\/"}]}},"_links":{"self":[{"href":"https:\/\/black-forest-speed-club.de\/hp2020\/wp-json\/wp\/v2\/posts\/5340","targetHints":{"allow":["GET"]}}],"collection":[{"href":"https:\/\/black-forest-speed-club.de\/hp2020\/wp-json\/wp\/v2\/posts"}],"about":[{"href":"https:\/\/black-forest-speed-club.de\/hp2020\/wp-json\/wp\/v2\/types\/post"}],"author":[{"embeddable":true,"href":"https:\/\/black-forest-speed-club.de\/hp2020\/wp-json\/wp\/v2\/users\/2"}],"replies":[{"embeddable":true,"href":"https:\/\/black-forest-speed-club.de\/hp2020\/wp-json\/wp\/v2\/comments?post=5340"}],"version-history":[{"count":2,"href":"https:\/\/black-forest-speed-club.de\/hp2020\/wp-json\/wp\/v2\/posts\/5340\/revisions"}],"predecessor-version":[{"id":5342,"href":"https:\/\/black-forest-speed-club.de\/hp2020\/wp-json\/wp\/v2\/posts\/5340\/revisions\/5342"}],"wp:featuredmedia":[{"embeddable":true,"href":"https:\/\/black-forest-speed-club.de\/hp2020\/wp-json\/wp\/v2\/media\/2463"}],"wp:attachment":[{"href":"https:\/\/black-forest-speed-club.de\/hp2020\/wp-json\/wp\/v2\/media?parent=5340"}],"wp:term":[{"taxonomy":"category","embeddable":true,"href":"https:\/\/black-forest-speed-club.de\/hp2020\/wp-json\/wp\/v2\/categories?post=5340"},{"taxonomy":"post_tag","embeddable":true,"href":"https:\/\/black-forest-speed-club.de\/hp2020\/wp-json\/wp\/v2\/tags?post=5340"}],"curies":[{"name":"wp","href":"https:\/\/api.w.org\/{rel}","templated":true}]}}